{"id":4,"count":0,"description":"El archivo de documentaci\u00f3n hist\u00f3rica sobre el h\u00e1bitat popular en el \u00c1rea Metropolitana de Buenos Aires tiene como intenci\u00f3n compartir y hacer p\u00fablica la recopilaci\u00f3n de documentos y materiales fotogr\u00e1ficos para los interesados en el tema, tanto con fines de investigaci\u00f3n como para el p\u00fablico interesado en la recuperaci\u00f3n de la memoria barrial y de las pol\u00edticas p\u00fablicas de h\u00e1bitat.\r\n\r\nSe componen de escritos por organizaciones sociales, vecinos, ONGs y organismos p\u00fablicos, as\u00ed tambi\u00e9n como normativa sobre los asentamientos populares y fotograf\u00edas de diverso origen.\r\n\r\nLa recopilaci\u00f3n y organizaci\u00f3n est\u00e1n a cargo de Mar\u00eda Cristina Cravino y Leandro Daich.\r\n\r\nLos materiales provienen de lo recogido en el trabajo de campo por los miembros del equipo, pero muy especialmente agradecemos a la Fundaci\u00f3n Vivienda y Comunidad que aport\u00f3 un importante c\u00famulo de materiales, as\u00ed como otros colegas, en particular a Valeria Snitcofsky y Adriana Massida. \r\n\r\nEste repositorio se encuentra en proceso de ampliaci\u00f3n, por lo que si alguien quiere colaborar con material puede escribirnos a grupoinfohabitat@gmail.com\r\n","link":"https:\/\/createc.com.ar\/infohabitat\/categoria\/memorias-urbanas\/","name":"Memorias Urbanas","slug":"memorias-urbanas","taxonomy":"category","parent":0,"meta":[],"acf":[],"_links":{"self":[{"href":"https:\/\/createc.com.ar\/infohabitat\/wp-json\/wp\/v2\/categories\/4","targetHints":{"allow":["GET"]}}],"collection":[{"href":"https:\/\/createc.com.ar\/infohabitat\/wp-json\/wp\/v2\/categories"}],"about":[{"href":"https:\/\/createc.com.ar\/infohabitat\/wp-json\/wp\/v2\/taxonomies\/category"}],"wp:post_type":[{"href":"https:\/\/createc.com.ar\/infohabitat\/wp-json\/wp\/v2\/posts?categories=4"}],"curies":[{"name":"wp","href":"https:\/\/api.w.org\/{rel}","templated":true}]}}